{"id":2400,"date":"2023-02-09T03:01:39","date_gmt":"2023-02-09T02:01:39","guid":{"rendered":"https:\/\/www.asv-kiel.de\/wp\/?p=2400"},"modified":"2023-04-23T15:12:03","modified_gmt":"2023-04-23T13:12:03","slug":"neues-babystag-und-st-barths","status":"publish","type":"post","link":"https:\/\/www.asv-kiel.de\/wp\/2023\/02\/neues-babystag-und-st-barths\/","title":{"rendered":"Neues Babystag und St. Barths"},"content":{"rendered":"\n<p>Am Sonntag wollten wir uns mit der nachmitt\u00e4glichen Br\u00fccken\u00f6ffnung aus dem Hafen befreien und in der Bucht nochmal vor Anker gehen. Davor wollten Svenja und Frieda aber nochmal den Riggcheck zum Beginn der Etappe durchf\u00fchren. Dabei war dann der Schreck gro\u00df, als die beiden einen Riss im T-Terminal des Babystags entdeckten. Es war uns, dem Schifferrat und Uli relativ schnell klar, dass wir so nicht weiter segeln k\u00f6nnen und das Babystag wurde kurzerhand abgebaut. Da aber Sonntag war, konnte ein Rigger vor Ort erst am n\u00e4chsten Tag erreicht werden und wir wollten definitiv nicht noch l\u00e4nger in dem Hafen bleiben. Deswegen haben wir uns in die Bucht verlegt. Der Ableger war sehr interessant, mit relativ starkem Seitenwind, quer durch den Hafen gespannter Sicherungsleine, den leicht panisch werdenden Besatzungsmitgliedern einer Luxusyacht und Frida, die mit dem Dinghi an Land zur\u00fcckgeblieben ist und dann vom Harbour master abgeschleppt wurde.  Aber am Ende haben wir es dann doch geschafft. <\/p>\n\n\n\n<p>Am Montag fr\u00fch wurde das aufgerollte Babystag im Dinghi verstaut und wir haben uns auf den doch l\u00e4ngeren Weg unter der Br\u00fccke hindurch zum Rigger gemacht. Das gr\u00f6\u00dfte Problem dabei waren andere, sehr schnell fahrende Boote, die uns mit ihren Heckwellen abwechselnd stark durchgesch\u00fcttelt oder geflutet haben. Beim Rigger ging dann alles sehr schnell und bereits eine Stunde sp\u00e4ter konnten wir uns mit einem neuen Babystag im Gep\u00e4ck auf den R\u00fcckweg machen. <\/p>\n\n\n\n<p>Nachdem es angebaut war, ging der Anker auf und wir machten uns auf den Weg nach St. Barth\u00e9lemy. Mit frischer Brise, Sonnenschein und mit ein paar Kreuzschl\u00e4gen erreichten wir unser Ziel in kurzer Zeit, wo wir den Anker gleich zweimal fallen lie\u00dfen. Am Dienstag war dann der Gro\u00dfteil der Crew in mehreren Gruppen auf dem Weg an die Nordseite der Insel, um dort an einen Strand zu gehen und die Natur zu besichtigen. Leider gab es ein inzwischen altbekanntes Problem: beide Landzungen im Norden befinden sich in Privatbesitz, Zutritt strengstens verboten. Der Strand dazwischen war dann trotzdem sch\u00f6n. <\/p>\n\n\n\n<p>Heute haben wir noch Gustavia besichtigt, aber einige Crewmitglieder zog es dann recht schnell auf den Peter zur\u00fcck. W\u00e4hrend Svenja und Frieda anfingen, auf dem Vorschiff zu stricken, um H\u00e4ngematten aufzuh\u00e4ngen, ging Frida in 12 Metern Tiefe auf die Suche nach ihrem Handtuch. Dabei entdeckte sie einen herrenlosen Anker, der dann auch prompt geborgen wurde und zwischen einigen Schauern wurde das Sonnendeck er\u00f6ffnet. Morgen soll dann auch mal wieder gesegelt werden, in Richtung St. Kitts.<\/p>\n\n\n\n<p>Hanna und Malte<\/p>\n\n\n\n<figure class=\"wp-block-image size-full\"><img loading=\"lazy\" decoding=\"async\" width=\"2048\" height=\"1536\" src=\"https:\/\/www.asv-kiel.de\/wp\/wp-content\/uploads\/2023\/02\/IMG-20230205-WA0004.jpg\" alt=\"\" class=\"wp-image-2401\" srcset=\"https:\/\/www.asv-kiel.de\/wp\/wp-content\/uploads\/2023\/02\/IMG-20230205-WA0004.jpg 2048w, https:\/\/www.asv-kiel.de\/wp\/wp-content\/uploads\/2023\/02\/IMG-20230205-WA0004-300x225.jpg 300w, https:\/\/www.asv-kiel.de\/wp\/wp-content\/uploads\/2023\/02\/IMG-20230205-WA0004-768x576.jpg 768w, https:\/\/www.asv-kiel.de\/wp\/wp-content\/uploads\/2023\/02\/IMG-20230205-WA0004-1536x1152.jpg 1536w\" sizes=\"auto, (max-width: 767px) 89vw, (max-width: 1000px) 54vw, (max-width: 1071px) 543px, 580px\" \/><figcaption class=\"wp-element-caption\">Frida im Schlepp<\/figcaption><\/figure>\n\n\n\n<figure class=\"wp-block-image size-large is-resized\"><img loading=\"lazy\" decoding=\"async\" src=\"https:\/\/www.asv-kiel.de\/wp\/wp-content\/uploads\/2023\/02\/IMG_20230207_104745-4000x3000.jpg\" alt=\"\" class=\"wp-image-2402\" width=\"366\" height=\"274\" srcset=\"https:\/\/www.asv-kiel.de\/wp\/wp-content\/uploads\/2023\/02\/IMG_20230207_104745-4000x3000.jpg 4000w, https:\/\/www.asv-kiel.de\/wp\/wp-content\/uploads\/2023\/02\/IMG_20230207_104745-300x225.jpg 300w, https:\/\/www.asv-kiel.de\/wp\/wp-content\/uploads\/2023\/02\/IMG_20230207_104745-768x576.jpg 768w, https:\/\/www.asv-kiel.de\/wp\/wp-content\/uploads\/2023\/02\/IMG_20230207_104745-1536x1152.jpg 1536w, https:\/\/www.asv-kiel.de\/wp\/wp-content\/uploads\/2023\/02\/IMG_20230207_104745-2048x1536.jpg 2048w\" sizes=\"auto, (max-width: 366px) 100vw, 366px\" \/><figcaption class=\"wp-element-caption\">Plage de Colombier<\/figcaption><\/figure>\n\n\n\n<figure class=\"wp-block-image size-full\"><img loading=\"lazy\" decoding=\"async\" width=\"1204\" height=\"1600\" src=\"https:\/\/www.asv-kiel.de\/wp\/wp-content\/uploads\/2023\/02\/IMG-20230208-WA0005.jpg\" alt=\"\" class=\"wp-image-2403\" srcset=\"https:\/\/www.asv-kiel.de\/wp\/wp-content\/uploads\/2023\/02\/IMG-20230208-WA0005.jpg 1204w, https:\/\/www.asv-kiel.de\/wp\/wp-content\/uploads\/2023\/02\/IMG-20230208-WA0005-226x300.jpg 226w, https:\/\/www.asv-kiel.de\/wp\/wp-content\/uploads\/2023\/02\/IMG-20230208-WA0005-768x1021.jpg 768w, https:\/\/www.asv-kiel.de\/wp\/wp-content\/uploads\/2023\/02\/IMG-20230208-WA0005-1156x1536.jpg 1156w\" sizes=\"auto, (max-width: 767px) 89vw, (max-width: 1000px) 54vw, (max-width: 1071px) 543px, 580px\" \/><figcaption class=\"wp-element-caption\">Fundanker<\/figcaption><\/figure>\n\n\n\n<figure class=\"wp-block-image size-full\"><img loading=\"lazy\" decoding=\"async\" width=\"1824\" height=\"1368\" src=\"https:\/\/www.asv-kiel.de\/wp\/wp-content\/uploads\/2023\/02\/IMG-20230208-WA0004.jpg\" alt=\"\" class=\"wp-image-2404\" srcset=\"https:\/\/www.asv-kiel.de\/wp\/wp-content\/uploads\/2023\/02\/IMG-20230208-WA0004.jpg 1824w, https:\/\/www.asv-kiel.de\/wp\/wp-content\/uploads\/2023\/02\/IMG-20230208-WA0004-300x225.jpg 300w, https:\/\/www.asv-kiel.de\/wp\/wp-content\/uploads\/2023\/02\/IMG-20230208-WA0004-768x576.jpg 768w, https:\/\/www.asv-kiel.de\/wp\/wp-content\/uploads\/2023\/02\/IMG-20230208-WA0004-1536x1152.jpg 1536w\" sizes=\"auto, (max-width: 767px) 89vw, (max-width: 1000px) 54vw, (max-width: 1071px) 543px, 580px\" \/><figcaption class=\"wp-element-caption\">Chillen auf dem Vorschiff<\/figcaption><\/figure>\n","protected":false},"excerpt":{"rendered":"<p>Am Sonntag wollten wir uns mit der nachmitt\u00e4glichen Br\u00fccken\u00f6ffnung aus dem Hafen befreien und in der Bucht nochmal vor Anker gehen. Davor wollten Svenja und Frieda aber nochmal den Riggcheck zum Beginn der Etappe durchf\u00fchren. Dabei war dann der Schreck gro\u00df, als die beiden einen Riss im T-Terminal des Babystags entdeckten. Es war uns, dem &hellip; <\/p>\n<p class=\"link-more\"><a href=\"https:\/\/www.asv-kiel.de\/wp\/2023\/02\/neues-babystag-und-st-barths\/\" class=\"more-link\"><span class=\"screen-reader-text\">\u201eNeues Babystag und St. Barths\u201c <\/span>weiterlesen<\/a><\/p>\n","protected":false},"author":12,"featured_media":0,"comment_status":"closed","ping_status":"open","sticky":false,"template":"","format":"standard","meta":{"footnotes":""},"categories":[6,8],"tags":[],"class_list":["post-2400","post","type-post","status-publish","format-standard","hentry","category-karibik-reise","category-reiseberichte"],"_links":{"self":[{"href":"https:\/\/www.asv-kiel.de\/wp\/wp-json\/wp\/v2\/posts\/2400","targetHints":{"allow":["GET"]}}],"collection":[{"href":"https:\/\/www.asv-kiel.de\/wp\/wp-json\/wp\/v2\/posts"}],"about":[{"href":"https:\/\/www.asv-kiel.de\/wp\/wp-json\/wp\/v2\/types\/post"}],"author":[{"embeddable":true,"href":"https:\/\/www.asv-kiel.de\/wp\/wp-json\/wp\/v2\/users\/12"}],"replies":[{"embeddable":true,"href":"https:\/\/www.asv-kiel.de\/wp\/wp-json\/wp\/v2\/comments?post=2400"}],"version-history":[{"count":2,"href":"https:\/\/www.asv-kiel.de\/wp\/wp-json\/wp\/v2\/posts\/2400\/revisions"}],"predecessor-version":[{"id":2408,"href":"https:\/\/www.asv-kiel.de\/wp\/wp-json\/wp\/v2\/posts\/2400\/revisions\/2408"}],"wp:attachment":[{"href":"https:\/\/www.asv-kiel.de\/wp\/wp-json\/wp\/v2\/media?parent=2400"}],"wp:term":[{"taxonomy":"category","embeddable":true,"href":"https:\/\/www.asv-kiel.de\/wp\/wp-json\/wp\/v2\/categories?post=2400"},{"taxonomy":"post_tag","embeddable":true,"href":"https:\/\/www.asv-kiel.de\/wp\/wp-json\/wp\/v2\/tags?post=2400"}],"curies":[{"name":"wp","href":"https:\/\/api.w.org\/{rel}","templated":true}]}}