{"id":1399,"date":"2022-03-10T16:55:13","date_gmt":"2022-03-10T15:55:13","guid":{"rendered":"https:\/\/www.asv-kiel.de\/wp\/?p=1399"},"modified":"2022-03-10T16:57:52","modified_gmt":"2022-03-10T15:57:52","slug":"grenada","status":"publish","type":"post","link":"https:\/\/www.asv-kiel.de\/wp\/2022\/03\/grenada\/","title":{"rendered":"Grenada"},"content":{"rendered":"\n<p><em>DIE Gew\u00fcrzinsel der Karibik<\/em><\/p>\n\n\n\n<p>Nun kommen wir zum \u201ehei\u00dfen\u201c Teil der Reise: <br>auf unserer Route k\u00f6nnen wir auch den Drei-Insel-Staat Grenada in der Karibik anlaufen! Er besteht aus der gleichnamigen Insel Grenada und den Inseln Carriacou und Petite Martinique sowie weiteren kleineren Inseln. Die Hauptstadt ist St. George\u2019s auf Grenada.<\/p>\n\n\n\n<p>Dort angekommen erwarten uns selbstverst\u00e4ndlich kristallklares Wasser, unber\u00fchrte Landschaften und wei\u00dfe Sandstr\u00e4nde, aber eben auch Regenwald, Wasserf\u00e4lle, Kraterseen und Gew\u00fcrzplantagen!<\/p>\n\n\n\n<figure class=\"wp-block-image size-full is-style-default\"><a href=\"https:\/\/www.asv-kiel.de\/wp\/grenada_karibik_-_southern_tip_of_grenada_-_panoramio\/\"><img loading=\"lazy\" decoding=\"async\" width=\"1920\" height=\"385\" src=\"https:\/\/www.asv-kiel.de\/wp\/wp-content\/uploads\/2022\/03\/Grenada_Karibik_-_Southern_Tip_of_Grenada_-_panoramio.jpg\" alt=\"Grenada, Von giggel, CC BY 3.0, https:\/\/commons.wikimedia.org\/w\/index.php?curid=54576670\" class=\"wp-image-1567\" srcset=\"https:\/\/www.asv-kiel.de\/wp\/wp-content\/uploads\/2022\/03\/Grenada_Karibik_-_Southern_Tip_of_Grenada_-_panoramio.jpg 1920w, https:\/\/www.asv-kiel.de\/wp\/wp-content\/uploads\/2022\/03\/Grenada_Karibik_-_Southern_Tip_of_Grenada_-_panoramio-300x60.jpg 300w, https:\/\/www.asv-kiel.de\/wp\/wp-content\/uploads\/2022\/03\/Grenada_Karibik_-_Southern_Tip_of_Grenada_-_panoramio-768x154.jpg 768w, https:\/\/www.asv-kiel.de\/wp\/wp-content\/uploads\/2022\/03\/Grenada_Karibik_-_Southern_Tip_of_Grenada_-_panoramio-1536x308.jpg 1536w\" sizes=\"auto, (max-width: 767px) 89vw, (max-width: 1000px) 54vw, (max-width: 1071px) 543px, 580px\" \/><\/a><figcaption>Von giggel, CC BY 3.0, https:\/\/commons.wikimedia.org\/w\/index.php?curid=54576670<\/figcaption><\/figure>\n\n\n\n<p>Dank der perfekten klimatischen Bedingungen und den fruchtbaren B\u00f6den wachsen hier unter anderen Zimt, Gew\u00fcrznelken, Ingwer, Safran, Vanille und Muskat. Ebenso werden Bananen, Kokos und Zucker exportiert!<\/p>\n\n\n\n<p>Grenada war einer der drei gr\u00f6\u00dften Muskatnusslieferanten. 2004 und 2005 wurde die Insel allerdings von Hurricanes heimgesucht, die gro\u00dfe Teile der Muskatnussb\u00e4ume besch\u00e4digten. Die Einwohner versuchten daraufhin mehr Kakao anzubauen. Grenadische Schokolade ist f\u00fcr ihren hohen Kakao Anteil bekannt und da sie so gehaltvoll ist, schmilzt sie trotz der dort vorherrschenden hohen Temperaturen nicht.<\/p>\n\n\n\n<figure class=\"wp-block-image size-full\"><img loading=\"lazy\" decoding=\"async\" width=\"800\" height=\"599\" src=\"https:\/\/www.asv-kiel.de\/wp\/wp-content\/uploads\/2022\/03\/Grenada_Almost_Paradise_-_panoramio_-_Stefan_und_Bille.jpg\" alt=\"Grenada, Von Stefan_und_Bille, CC BY-SA 3.0, https:\/\/commons.wikimedia.org\/w\/index.php?curid=47536095\" class=\"wp-image-1565\" srcset=\"https:\/\/www.asv-kiel.de\/wp\/wp-content\/uploads\/2022\/03\/Grenada_Almost_Paradise_-_panoramio_-_Stefan_und_Bille.jpg 800w, https:\/\/www.asv-kiel.de\/wp\/wp-content\/uploads\/2022\/03\/Grenada_Almost_Paradise_-_panoramio_-_Stefan_und_Bille-300x225.jpg 300w, https:\/\/www.asv-kiel.de\/wp\/wp-content\/uploads\/2022\/03\/Grenada_Almost_Paradise_-_panoramio_-_Stefan_und_Bille-768x575.jpg 768w\" sizes=\"auto, (max-width: 767px) 89vw, (max-width: 1000px) 54vw, (max-width: 1071px) 543px, 580px\" \/><figcaption>Von Stefan_und_Bille, CC BY-SA 3.0, https:\/\/commons.wikimedia.org\/w\/index.php?curid=47536095<\/figcaption><\/figure>\n\n\n\n<p>Grenada ist vulkanischen Ursprungs wodurch das Inland Grenadas sehr bergig ist. H\u00f6chster Punkt der Insel ist mit 840 Metern der Mount Saint Catherine. Der einzige noch aktive Vulkan dieser Region, der Kick-\u00e9m-Jenny, liegt 8 km n\u00f6rdlich der Hauptinsel in ca. 180 m Meerestiefe. <\/p>\n\n\n\n<figure class=\"wp-block-image size-full\"><img loading=\"lazy\" decoding=\"async\" width=\"329\" height=\"352\" src=\"https:\/\/www.asv-kiel.de\/wp\/wp-content\/uploads\/2022\/03\/Grenada-CIA_WFB_Map.png\" alt=\"\" class=\"wp-image-1566\" srcset=\"https:\/\/www.asv-kiel.de\/wp\/wp-content\/uploads\/2022\/03\/Grenada-CIA_WFB_Map.png 329w, https:\/\/www.asv-kiel.de\/wp\/wp-content\/uploads\/2022\/03\/Grenada-CIA_WFB_Map-280x300.png 280w\" sizes=\"auto, (max-width: 329px) 100vw, 329px\" \/><\/figure>\n\n\n\n<p>W\u00e4hrend der Kolonialzeit versuchten sowohl die Engl\u00e4nder als auch die Franzosen die Insel zu erobern, doch seit 1795 ist Grenada endg\u00fcltig britisches Hoheitsgebiet. Heute wird Grenada unter der britischen Krone, vertreten durch einen Generalgouverneur, vom grenadischen Premierminister demokratisch regiert.<\/p>\n\n\n\n<p>Heute lassen sich kulturelle Einfl\u00fcsse indianischer Br\u00e4uche, franz\u00f6sischer und englischer Siedler sowie afrikanischer, ostindischer und karibischer Vorfahren finden. Die Grenadier sind stolz auf ihre gesellige, gastfreundliche und fr\u00f6hliche Lebensweise mit bunten Festen und viel Musik.<\/p>\n","protected":false},"excerpt":{"rendered":"<p>DIE Gew\u00fcrzinsel der Karibik Nun kommen wir zum \u201ehei\u00dfen\u201c Teil der Reise: auf unserer Route k\u00f6nnen wir auch den Drei-Insel-Staat Grenada in der Karibik anlaufen! Er besteht aus der gleichnamigen Insel Grenada und den Inseln Carriacou und Petite Martinique sowie weiteren kleineren Inseln. Die Hauptstadt ist St. George\u2019s auf Grenada. Dort angekommen erwarten uns selbstverst\u00e4ndlich &hellip; <\/p>\n<p class=\"link-more\"><a href=\"https:\/\/www.asv-kiel.de\/wp\/2022\/03\/grenada\/\" class=\"more-link\"><span class=\"screen-reader-text\">\u201eGrenada\u201c <\/span>weiterlesen<\/a><\/p>\n","protected":false},"author":7,"featured_media":0,"comment_status":"closed","ping_status":"open","sticky":false,"template":"","format":"standard","meta":{"footnotes":""},"categories":[6,7],"tags":[],"class_list":["post-1399","post","type-post","status-publish","format-standard","hentry","category-karibik-reise","category-serie-inseln"],"_links":{"self":[{"href":"https:\/\/www.asv-kiel.de\/wp\/wp-json\/wp\/v2\/posts\/1399","targetHints":{"allow":["GET"]}}],"collection":[{"href":"https:\/\/www.asv-kiel.de\/wp\/wp-json\/wp\/v2\/posts"}],"about":[{"href":"https:\/\/www.asv-kiel.de\/wp\/wp-json\/wp\/v2\/types\/post"}],"author":[{"embeddable":true,"href":"https:\/\/www.asv-kiel.de\/wp\/wp-json\/wp\/v2\/users\/7"}],"replies":[{"embeddable":true,"href":"https:\/\/www.asv-kiel.de\/wp\/wp-json\/wp\/v2\/comments?post=1399"}],"version-history":[{"count":3,"href":"https:\/\/www.asv-kiel.de\/wp\/wp-json\/wp\/v2\/posts\/1399\/revisions"}],"predecessor-version":[{"id":1571,"href":"https:\/\/www.asv-kiel.de\/wp\/wp-json\/wp\/v2\/posts\/1399\/revisions\/1571"}],"wp:attachment":[{"href":"https:\/\/www.asv-kiel.de\/wp\/wp-json\/wp\/v2\/media?parent=1399"}],"wp:term":[{"taxonomy":"category","embeddable":true,"href":"https:\/\/www.asv-kiel.de\/wp\/wp-json\/wp\/v2\/categories?post=1399"},{"taxonomy":"post_tag","embeddable":true,"href":"https:\/\/www.asv-kiel.de\/wp\/wp-json\/wp\/v2\/tags?post=1399"}],"curies":[{"name":"wp","href":"https:\/\/api.w.org\/{rel}","templated":true}]}}