{"id":522,"date":"2012-02-23T11:22:47","date_gmt":"2012-02-23T10:22:47","guid":{"rendered":"https:\/\/www.asv-kiel.de\/fidk\/?p=522"},"modified":"2012-03-01T13:00:03","modified_gmt":"2012-03-01T12:00:03","slug":"schifferrat-genehmigt-crewlisten","status":"publish","type":"post","link":"https:\/\/www.asv-kiel.de\/fidk\/?p=522","title":{"rendered":"Schifferrat genehmigt Crewlisten"},"content":{"rendered":"<p><a href=\"https:\/\/www.asv-kiel.de\/fidk\/wp-content\/uploads\/2012\/02\/finale-fireworks.jpg\" rel=\"lightbox\"><img loading=\"lazy\" class=\"size-medium wp-image-523 alignright\" title=\"finale-fireworks\" src=\"https:\/\/www.asv-kiel.de\/fidk\/wp-content\/uploads\/2012\/02\/finale-fireworks-300x300.jpg\" alt=\"\" width=\"300\" height=\"300\" srcset=\"https:\/\/www.asv-kiel.de\/fidk\/wp-content\/uploads\/2012\/02\/finale-fireworks-300x300.jpg 300w, https:\/\/www.asv-kiel.de\/fidk\/wp-content\/uploads\/2012\/02\/finale-fireworks-150x150.jpg 150w, https:\/\/www.asv-kiel.de\/fidk\/wp-content\/uploads\/2012\/02\/finale-fireworks-301x300.jpg 301w, https:\/\/www.asv-kiel.de\/fidk\/wp-content\/uploads\/2012\/02\/finale-fireworks.jpg 600w\" sizes=\"(max-width: 300px) 100vw, 300px\" \/><\/a><strong>Geschafft!<\/strong> Am gestrigen Abend hat der Schifferrat getagt und unsere Crewlisten unter kleineren Auflagen genehmigt. Damit ist das Thema, das uns in den vergangenen Wochen mit Abstand die gr\u00f6\u00dften Sorgen und die meiste Arbeit gemacht hat, n\u00e4mlich die Crewfindung, vorerst vom Tisch. Zwischen uns und der Karibik steht (neben rund 4500 zu segelnden Seemeilen) jetzt nur noch eine Abstimmung auf der Jahreshauptversammlung am 03. M\u00e4rz.<\/p>\n<p>Alle angemeldeten Teilnehmer erhalten in den n\u00e4chsten Tagen weitere Informationen per Post. Das Organisationsteam bedankt sich an dieser Stelle schon einmal herzlich f\u00fcr die vielen Anmeldungen sowie den gro\u00dfen Zuspruch und die Unterst\u00fctzung, die die Reise sowohl vereinsintern als auch extern bereits jetzt erf\u00e4hrt!<\/p>\n<p><em>\u00a0Bild: <a href=\"http:\/\/www.skylighter.com\">http:\/\/www.skylighter.com<\/a><\/em><\/p>\n","protected":false},"excerpt":{"rendered":"<p>Geschafft! Am gestrigen Abend hat der Schifferrat getagt und unsere Crewlisten unter kleineren Auflagen genehmigt. Damit ist das Thema, das uns in den vergangenen Wochen mit Abstand die gr\u00f6\u00dften Sorgen und die meiste Arbeit gemacht hat, n\u00e4mlich die Crewfindung, vorerst &hellip; <a href=\"https:\/\/www.asv-kiel.de\/fidk\/?p=522\">Weiterlesen <span class=\"meta-nav\">&rarr;<\/span><\/a><\/p>\n","protected":false},"author":2,"featured_media":523,"comment_status":"open","ping_status":"open","sticky":false,"template":"","format":"standard","meta":{"ngg_post_thumbnail":0,"_links_to":"","_links_to_target":""},"categories":[1,8],"tags":[],"_links":{"self":[{"href":"https:\/\/www.asv-kiel.de\/fidk\/index.php?rest_route=\/wp\/v2\/posts\/522"}],"collection":[{"href":"https:\/\/www.asv-kiel.de\/fidk\/index.php?rest_route=\/wp\/v2\/posts"}],"about":[{"href":"https:\/\/www.asv-kiel.de\/fidk\/index.php?rest_route=\/wp\/v2\/types\/post"}],"author":[{"embeddable":true,"href":"https:\/\/www.asv-kiel.de\/fidk\/index.php?rest_route=\/wp\/v2\/users\/2"}],"replies":[{"embeddable":true,"href":"https:\/\/www.asv-kiel.de\/fidk\/index.php?rest_route=%2Fwp%2Fv2%2Fcomments&post=522"}],"version-history":[{"count":8,"href":"https:\/\/www.asv-kiel.de\/fidk\/index.php?rest_route=\/wp\/v2\/posts\/522\/revisions"}],"predecessor-version":[{"id":594,"href":"https:\/\/www.asv-kiel.de\/fidk\/index.php?rest_route=\/wp\/v2\/posts\/522\/revisions\/594"}],"wp:featuredmedia":[{"embeddable":true,"href":"https:\/\/www.asv-kiel.de\/fidk\/index.php?rest_route=\/wp\/v2\/media\/523"}],"wp:attachment":[{"href":"https:\/\/www.asv-kiel.de\/fidk\/index.php?rest_route=%2Fwp%2Fv2%2Fmedia&parent=522"}],"wp:term":[{"taxonomy":"category","embeddable":true,"href":"https:\/\/www.asv-kiel.de\/fidk\/index.php?rest_route=%2Fwp%2Fv2%2Fcategories&post=522"},{"taxonomy":"post_tag","embeddable":true,"href":"https:\/\/www.asv-kiel.de\/fidk\/index.php?rest_route=%2Fwp%2Fv2%2Ftags&post=522"}],"curies":[{"name":"wp","href":"https:\/\/api.w.org\/{rel}","templated":true}]}}