{"id":472,"date":"2012-02-15T14:30:18","date_gmt":"2012-02-15T13:30:18","guid":{"rendered":"https:\/\/www.asv-kiel.de\/fidk\/?p=472"},"modified":"2012-03-01T11:05:46","modified_gmt":"2012-03-01T10:05:46","slug":"stichtag-heute","status":"publish","type":"post","link":"https:\/\/www.asv-kiel.de\/fidk\/?p=472","title":{"rendered":"Stichtag: Heute"},"content":{"rendered":"<p><a href=\"https:\/\/www.asv-kiel.de\/fidk\/wp-content\/uploads\/2012\/02\/graph_etappenauslastung.png\" rel=\"lightbox-gallery\"><img loading=\"lazy\" class=\"alignleft size-thumbnail wp-image-473\" title=\"graph_etappenauslastung\" src=\"https:\/\/www.asv-kiel.de\/fidk\/wp-content\/uploads\/2012\/02\/graph_etappenauslastung-150x150.png\" alt=\"\" width=\"150\" height=\"150\" \/><\/a>Es ist soweit: Mit dem heutigen Tag haben wir unsere selbst auferlegte Deadline f\u00fcr die Crewfindung erreicht. \u00dcbermorgen wird sich die Crewfindungskommission zum ersten Mal zusammenfinden, die Anmeldungen sichten und die tats\u00e4chlichen Teilnehmer der Etappen festlegen. Die so erstellten Crewlisten werden dann n\u00e4chsten Donnerstag dem Schifferrat mit der Bitte um Genehmigung vorgelegt &#8211; die Spannung steigt also!<\/p>\n<p><a href=\"https:\/\/www.asv-kiel.de\/fidk\/wp-content\/uploads\/2012\/02\/graph_etappenauslastung_status.png\" rel=\"lightbox-gallery\"><img loading=\"lazy\" class=\"size-thumbnail wp-image-475 alignleft\" title=\"graph_etappenauslastung_status\" src=\"https:\/\/www.asv-kiel.de\/fidk\/wp-content\/uploads\/2012\/02\/graph_etappenauslastung_status-150x150.png\" alt=\"\" width=\"150\" height=\"150\" \/><\/a>Und p\u00fcnktlich zum Stichtag gibt es nat\u00fcrlich auch neue Auswertungen \u00fcber den Anmeldestatus. Wie euch vielleicht auff\u00e4llt, sehen die Grafiken ein wenig anders aus als die, die euch bekannt sind. Sie wurden erstmals auf Basis der Daten aus der neuen Flucht-Datenbank erstellt, die in vielerlei Hinsicht unsere gute alte Excel-Liste abl\u00f6sen wird und <a href=\"https:\/\/www.asv-kiel.de\/fidk\/wp-content\/uploads\/2012\/02\/graph_teilnehmerstatus.png\" rel=\"lightbox-gallery\"><img loading=\"lazy\" class=\"alignright size-thumbnail wp-image-478\" title=\"graph_teilnehmerstatus\" src=\"https:\/\/www.asv-kiel.de\/fidk\/wp-content\/uploads\/2012\/02\/graph_teilnehmerstatus-150x150.png\" alt=\"\" width=\"150\" height=\"150\" \/><\/a>uns detaillierte Auswertungen und eine automatisierte Crewlistenerstellung erlaubt. Das System ist noch nicht ganz fertig und steht daher bislang nur dem Orga-Team zur Verf\u00fcgung, wird aber bald f\u00fcr alle Teilnehmer ge\u00f6ffnet, so dass die Crewlisten und die Kontaktdaten der Mitreisenden eingesehen werden k\u00f6nnen.<\/p>\n<p>Wir halten euch selbstverst\u00e4ndlich \u00fcber den Fortschritt der Crewfindung und die Entscheidung unseres Schifferrates auf dem Laufenden!<\/p>\n","protected":false},"excerpt":{"rendered":"<p>Es ist soweit: Mit dem heutigen Tag haben wir unsere selbst auferlegte Deadline f\u00fcr die Crewfindung erreicht. \u00dcbermorgen wird sich die Crewfindungskommission zum ersten Mal zusammenfinden, die Anmeldungen sichten und die tats\u00e4chlichen Teilnehmer der Etappen festlegen. Die so erstellten Crewlisten &hellip; <a href=\"https:\/\/www.asv-kiel.de\/fidk\/?p=472\">Weiterlesen <span class=\"meta-nav\">&rarr;<\/span><\/a><\/p>\n","protected":false},"author":2,"featured_media":473,"comment_status":"open","ping_status":"open","sticky":false,"template":"","format":"standard","meta":{"ngg_post_thumbnail":0,"_links_to":"","_links_to_target":""},"categories":[1,8],"tags":[],"_links":{"self":[{"href":"https:\/\/www.asv-kiel.de\/fidk\/index.php?rest_route=\/wp\/v2\/posts\/472"}],"collection":[{"href":"https:\/\/www.asv-kiel.de\/fidk\/index.php?rest_route=\/wp\/v2\/posts"}],"about":[{"href":"https:\/\/www.asv-kiel.de\/fidk\/index.php?rest_route=\/wp\/v2\/types\/post"}],"author":[{"embeddable":true,"href":"https:\/\/www.asv-kiel.de\/fidk\/index.php?rest_route=\/wp\/v2\/users\/2"}],"replies":[{"embeddable":true,"href":"https:\/\/www.asv-kiel.de\/fidk\/index.php?rest_route=%2Fwp%2Fv2%2Fcomments&post=472"}],"version-history":[{"count":6,"href":"https:\/\/www.asv-kiel.de\/fidk\/index.php?rest_route=\/wp\/v2\/posts\/472\/revisions"}],"predecessor-version":[{"id":588,"href":"https:\/\/www.asv-kiel.de\/fidk\/index.php?rest_route=\/wp\/v2\/posts\/472\/revisions\/588"}],"wp:featuredmedia":[{"embeddable":true,"href":"https:\/\/www.asv-kiel.de\/fidk\/index.php?rest_route=\/wp\/v2\/media\/473"}],"wp:attachment":[{"href":"https:\/\/www.asv-kiel.de\/fidk\/index.php?rest_route=%2Fwp%2Fv2%2Fmedia&parent=472"}],"wp:term":[{"taxonomy":"category","embeddable":true,"href":"https:\/\/www.asv-kiel.de\/fidk\/index.php?rest_route=%2Fwp%2Fv2%2Fcategories&post=472"},{"taxonomy":"post_tag","embeddable":true,"href":"https:\/\/www.asv-kiel.de\/fidk\/index.php?rest_route=%2Fwp%2Fv2%2Ftags&post=472"}],"curies":[{"name":"wp","href":"https:\/\/api.w.org\/{rel}","templated":true}]}}