{"id":2340,"date":"2013-06-28T18:14:22","date_gmt":"2013-06-28T16:14:22","guid":{"rendered":"https:\/\/www.asv-kiel.de\/fidk\/?p=2340"},"modified":"2013-06-28T18:14:22","modified_gmt":"2013-06-28T16:14:22","slug":"in-saint-malo","status":"publish","type":"post","link":"https:\/\/www.asv-kiel.de\/fidk\/?p=2340","title":{"rendered":"In Saint-Malo"},"content":{"rendered":"<p>Seit gestern Abend sind wir in Saint-Malo und erfreuen uns an der altst\u00e4dtischen Umgebung der Marina. Die Einfahrt gestern Abend kurz vor Hochwasser war schon einigerma\u00dfen spannend &#8211; \u00fcberall liegen Felsen rum, die von Tonnen und Feuern ges\u00e4umt sind.<\/p>\n<p>P\u00fcnktlichst erreichten wir die erste Schleusen\u00f6ffnung um 20.30 Uhr und liegen nun &#8211; mit einem mittlerweile frisch geputzten Schiff &#8211; im P\u00e4ckchen neben einer Franz\u00f6sin, die auf ihrem Boot wohnt und &#8211; nach Angaben eines m\u00e4nnlichen Crewmitglieds &#8211; eine sehr h\u00fcbsche Tochter hat.<\/p>\n<p>Der Schiffer befindet sich gerade im hiesigen Supermarch\u00e9, um f\u00fcr die Burger heute Abend einzukaufen. Au\u00dferdem soll es wohl endlich mal wieder Ti Punch geben, wenn ich das richtig verstanden habe&#8230;<\/p>\n<p>Wir freuen uns auf einen netten letzten gemeinsamen Abend hier auf dem Boot und in der Stadt qui est tr\u00e8s pitor\u00e8sque et magnifique et jolie. D&#8217;accord.<\/p>\n<p>Amicalement, le Pierre et son \u00e9quipe!<\/p>\n<p>Karin(e)<\/p>\n\n\t\t<style type=\"text\/css\">\n\t\t\t#gallery-1 {\n\t\t\t\tmargin: auto;\n\t\t\t}\n\t\t\t#gallery-1 .gallery-item {\n\t\t\t\tfloat: left;\n\t\t\t\tmargin-top: 10px;\n\t\t\t\ttext-align: center;\n\t\t\t\twidth: 33%;\n\t\t\t}\n\t\t\t#gallery-1 img {\n\t\t\t\tborder: 2px solid #cfcfcf;\n\t\t\t}\n\t\t\t#gallery-1 .gallery-caption {\n\t\t\t\tmargin-left: 0;\n\t\t\t}\n\t\t\t\/* see gallery_shortcode() in wp-includes\/media.php *\/\n\t\t<\/style>\n\t\t<div id='gallery-1' class='gallery galleryid-2340 gallery-columns-3 gallery-size-thumbnail'><dl class='gallery-item'>\n\t\t\t<dt class='gallery-icon landscape'>\n\t\t\t\t<a href='https:\/\/www.asv-kiel.de\/fidk\/wp-content\/uploads\/2013\/06\/P1290783.jpg' rel=\"lightbox[2340]\"><img width=\"150\" height=\"150\" src=\"https:\/\/www.asv-kiel.de\/fidk\/wp-content\/uploads\/2013\/06\/P1290783-150x150.jpg\" class=\"attachment-thumbnail size-thumbnail\" alt=\"\" loading=\"lazy\" \/><\/a>\n\t\t\t<\/dt><\/dl><dl class='gallery-item'>\n\t\t\t<dt class='gallery-icon landscape'>\n\t\t\t\t<a href='https:\/\/www.asv-kiel.de\/fidk\/wp-content\/uploads\/2013\/06\/P1290778.jpg' rel=\"lightbox[2340]\"><img width=\"150\" height=\"150\" src=\"https:\/\/www.asv-kiel.de\/fidk\/wp-content\/uploads\/2013\/06\/P1290778-150x150.jpg\" class=\"attachment-thumbnail size-thumbnail\" alt=\"\" loading=\"lazy\" \/><\/a>\n\t\t\t<\/dt><\/dl><dl class='gallery-item'>\n\t\t\t<dt class='gallery-icon landscape'>\n\t\t\t\t<a href='https:\/\/www.asv-kiel.de\/fidk\/wp-content\/uploads\/2013\/06\/P1290676.jpg' rel=\"lightbox[2340]\"><img width=\"150\" height=\"150\" src=\"https:\/\/www.asv-kiel.de\/fidk\/wp-content\/uploads\/2013\/06\/P1290676-150x150.jpg\" class=\"attachment-thumbnail size-thumbnail\" alt=\"\" loading=\"lazy\" \/><\/a>\n\t\t\t<\/dt><\/dl><br style=\"clear: both\" \/><dl class='gallery-item'>\n\t\t\t<dt class='gallery-icon landscape'>\n\t\t\t\t<a href='https:\/\/www.asv-kiel.de\/fidk\/wp-content\/uploads\/2013\/06\/P1290665.jpg' rel=\"lightbox[2340]\"><img width=\"150\" height=\"150\" src=\"https:\/\/www.asv-kiel.de\/fidk\/wp-content\/uploads\/2013\/06\/P1290665-150x150.jpg\" class=\"attachment-thumbnail size-thumbnail\" alt=\"\" loading=\"lazy\" \/><\/a>\n\t\t\t<\/dt><\/dl>\n\t\t\t<br style='clear: both' \/>\n\t\t<\/div>\n\n","protected":false},"excerpt":{"rendered":"<p>Seit gestern Abend sind wir in Saint-Malo und erfreuen uns an der altst\u00e4dtischen Umgebung der Marina. Die Einfahrt gestern Abend kurz vor Hochwasser war schon einigerma\u00dfen spannend &#8211; \u00fcberall liegen Felsen rum, die von Tonnen und Feuern ges\u00e4umt sind. P\u00fcnktlichst &hellip; <a href=\"https:\/\/www.asv-kiel.de\/fidk\/?p=2340\">Weiterlesen <span class=\"meta-nav\">&rarr;<\/span><\/a><\/p>\n","protected":false},"author":10,"featured_media":0,"comment_status":"open","ping_status":"open","sticky":false,"template":"","format":"standard","meta":{"ngg_post_thumbnail":0,"_links_to":"","_links_to_target":""},"categories":[1],"tags":[],"_links":{"self":[{"href":"https:\/\/www.asv-kiel.de\/fidk\/index.php?rest_route=\/wp\/v2\/posts\/2340"}],"collection":[{"href":"https:\/\/www.asv-kiel.de\/fidk\/index.php?rest_route=\/wp\/v2\/posts"}],"about":[{"href":"https:\/\/www.asv-kiel.de\/fidk\/index.php?rest_route=\/wp\/v2\/types\/post"}],"author":[{"embeddable":true,"href":"https:\/\/www.asv-kiel.de\/fidk\/index.php?rest_route=\/wp\/v2\/users\/10"}],"replies":[{"embeddable":true,"href":"https:\/\/www.asv-kiel.de\/fidk\/index.php?rest_route=%2Fwp%2Fv2%2Fcomments&post=2340"}],"version-history":[{"count":0,"href":"https:\/\/www.asv-kiel.de\/fidk\/index.php?rest_route=\/wp\/v2\/posts\/2340\/revisions"}],"wp:attachment":[{"href":"https:\/\/www.asv-kiel.de\/fidk\/index.php?rest_route=%2Fwp%2Fv2%2Fmedia&parent=2340"}],"wp:term":[{"taxonomy":"category","embeddable":true,"href":"https:\/\/www.asv-kiel.de\/fidk\/index.php?rest_route=%2Fwp%2Fv2%2Fcategories&post=2340"},{"taxonomy":"post_tag","embeddable":true,"href":"https:\/\/www.asv-kiel.de\/fidk\/index.php?rest_route=%2Fwp%2Fv2%2Ftags&post=2340"}],"curies":[{"name":"wp","href":"https:\/\/api.w.org\/{rel}","templated":true}]}}