{"id":1275,"date":"2012-10-04T16:22:36","date_gmt":"2012-10-04T14:22:36","guid":{"rendered":"https:\/\/www.asv-kiel.de\/fidk\/?p=1275"},"modified":"2012-10-05T11:39:13","modified_gmt":"2012-10-05T09:39:13","slug":"pvd-in-brest","status":"publish","type":"post","link":"https:\/\/www.asv-kiel.de\/fidk\/?p=1275","title":{"rendered":"PvD in Brest"},"content":{"rendered":"<p>Hallo liebe Segler, ich bin&#8217;s, der Peter. Meine Crew hat mich in Brest in der Marina du Chateau festgemacht und momentan wird gro\u00dfes Reinschiff gemacht. Das ist so was wie Duschen f\u00fcr die Segler aber mit &#8222;Hinter-den-Ohren-Waschen&#8220; und Bauchnabel ausr\u00e4umen \ud83d\ude42 Demn\u00e4chst ausf\u00fchrlich und mit Bildern mehr, ab in zwei Stunden bin ich auch wieder im Netz. Euer Peter von Danzig!<\/p>\n","protected":false},"excerpt":{"rendered":"<p>Hallo liebe Segler, ich bin&#8217;s, der Peter. Meine Crew hat mich in Brest in der Marina du Chateau festgemacht und momentan wird gro\u00dfes Reinschiff gemacht. Das ist so was wie Duschen f\u00fcr die Segler aber mit &#8222;Hinter-den-Ohren-Waschen&#8220; und Bauchnabel ausr\u00e4umen &hellip; <a href=\"https:\/\/www.asv-kiel.de\/fidk\/?p=1275\">Weiterlesen <span class=\"meta-nav\">&rarr;<\/span><\/a><\/p>\n","protected":false},"author":7,"featured_media":0,"comment_status":"open","ping_status":"open","sticky":false,"template":"","format":"standard","meta":{"ngg_post_thumbnail":0,"_links_to":"","_links_to_target":""},"categories":[1,18],"tags":[],"_links":{"self":[{"href":"https:\/\/www.asv-kiel.de\/fidk\/index.php?rest_route=\/wp\/v2\/posts\/1275"}],"collection":[{"href":"https:\/\/www.asv-kiel.de\/fidk\/index.php?rest_route=\/wp\/v2\/posts"}],"about":[{"href":"https:\/\/www.asv-kiel.de\/fidk\/index.php?rest_route=\/wp\/v2\/types\/post"}],"author":[{"embeddable":true,"href":"https:\/\/www.asv-kiel.de\/fidk\/index.php?rest_route=\/wp\/v2\/users\/7"}],"replies":[{"embeddable":true,"href":"https:\/\/www.asv-kiel.de\/fidk\/index.php?rest_route=%2Fwp%2Fv2%2Fcomments&post=1275"}],"version-history":[{"count":2,"href":"https:\/\/www.asv-kiel.de\/fidk\/index.php?rest_route=\/wp\/v2\/posts\/1275\/revisions"}],"predecessor-version":[{"id":1277,"href":"https:\/\/www.asv-kiel.de\/fidk\/index.php?rest_route=\/wp\/v2\/posts\/1275\/revisions\/1277"}],"wp:attachment":[{"href":"https:\/\/www.asv-kiel.de\/fidk\/index.php?rest_route=%2Fwp%2Fv2%2Fmedia&parent=1275"}],"wp:term":[{"taxonomy":"category","embeddable":true,"href":"https:\/\/www.asv-kiel.de\/fidk\/index.php?rest_route=%2Fwp%2Fv2%2Fcategories&post=1275"},{"taxonomy":"post_tag","embeddable":true,"href":"https:\/\/www.asv-kiel.de\/fidk\/index.php?rest_route=%2Fwp%2Fv2%2Ftags&post=1275"}],"curies":[{"name":"wp","href":"https:\/\/api.w.org\/{rel}","templated":true}]}}